{"id":2931,"date":"2026-08-25T23:04:00","date_gmt":"2026-08-25T21:04:00","guid":{"rendered":"https:\/\/elecos.fr\/?p=2931"},"modified":"2026-08-25T23:04:03","modified_gmt":"2026-08-25T21:04:03","slug":"arencia-deep-water-surge-serum-30-avis","status":"publish","type":"post","link":"https:\/\/elecos.fr\/index.php\/2026\/08\/25\/arencia-deep-water-surge-serum-30-avis\/","title":{"rendered":"Arencia Deep Water Surge Serum 30 : mon avis sur ce s\u00e9rum bleu au PDRN"},"content":{"rendered":"\n<p class=\"wp-block-paragraph\">Il y a des produits que l\u2019on choisit pour leur formule. D\u2019autres pour leur texture, leur univers ou simplement parce qu\u2019ils nous intriguent.<\/p>\n\n\n\n<p class=\"wp-block-paragraph\">Et puis il y a ceux qui r\u00e9unissent un peu tout cela.<\/p>\n\n\n\n<p class=\"wp-block-paragraph\">C\u2019est exactement ce qui m\u2019est arriv\u00e9 avec le <strong>Deep Water Surge Serum 30 d\u2019Arencia<\/strong>.<\/p>\n\n\n\n<p class=\"wp-block-paragraph\">Impossible de ne pas remarquer son joli pot bleu pastel et surtout cette incroyable texture <strong>bleu lagon<\/strong>, brillante et presque g\u00e9lifi\u00e9e.<\/p>\n\n\n\n<p class=\"wp-block-paragraph\">Mais vous me connaissez : un joli packaging ne suffit pas \u00e0 me convaincre.<\/p>\n\n\n\n<p class=\"wp-block-paragraph\">Alors, au-del\u00e0 de son apparence, <strong>que contient r\u00e9ellement ce soin ? \u00c0 quoi sert-il ? Et surtout, est-il aussi int\u00e9ressant qu\u2019il en a l\u2019air ?<\/strong><\/p>\n\n\n\n<p class=\"wp-block-paragraph\">Je l\u2019ai test\u00e9 et j\u2019ai regard\u00e9 sa composition de plus pr\u00e8s<\/p>\n\n\n\n<p class=\"wp-block-paragraph\">\ud83c\udfa5 Vous pr\u00e9f\u00e9rez la vid\u00e9o ? Retrouvez mon test complet du Deep Water Surge Serum 30 d\u2019Arencia..<\/p>\n\n\n\n<figure class=\"wp-block-embed is-type-video is-provider-youtube wp-block-embed-youtube wp-embed-aspect-16-9 wp-has-aspect-ratio\"><div class=\"wp-block-embed__wrapper\">\n<iframe  style=\"display: block; margin: 0px auto;\"  id=\"_ytid_22012\"  width=\"800\" height=\"450\"  data-origwidth=\"800\" data-origheight=\"450\" src=\"https:\/\/www.youtube.com\/embed\/0-Q2WBFe4p0?enablejsapi=1&#038;autoplay=0&#038;cc_load_policy=0&#038;cc_lang_pref=&#038;iv_load_policy=1&#038;loop=0&#038;rel=1&#038;fs=1&#038;playsinline=0&#038;autohide=2&#038;theme=dark&#038;color=red&#038;controls=1&#038;disablekb=0&#038;\" class=\"__youtube_prefs__  epyt-is-override  no-lazyload\" title=\"YouTube player\"  allow=\"fullscreen; accelerometer; autoplay; clipboard-write; encrypted-media; gyroscope; picture-in-picture; web-share\" referrerpolicy=\"strict-origin-when-cross-origin\" allowfullscreen data-no-lazy=\"1\" data-skipgform_ajax_framebjll=\"\"><\/iframe>\n<\/div><\/figure>\n\n\n\n<figure class=\"wp-block-image size-large is-resized\"><img fetchpriority=\"high\" decoding=\"async\" width=\"819\" height=\"1024\" src=\"https:\/\/elecos.fr\/wp-content\/uploads\/2026\/08\/F403B6CA-D257-4257-ACED-5EE73EB63A83-819x1024.png\" alt=\"\" class=\"wp-image-2932\" style=\"width:782px;height:auto\" srcset=\"https:\/\/elecos.fr\/wp-content\/uploads\/2026\/08\/F403B6CA-D257-4257-ACED-5EE73EB63A83-819x1024.png 819w, https:\/\/elecos.fr\/wp-content\/uploads\/2026\/08\/F403B6CA-D257-4257-ACED-5EE73EB63A83-240x300.png 240w, https:\/\/elecos.fr\/wp-content\/uploads\/2026\/08\/F403B6CA-D257-4257-ACED-5EE73EB63A83-767x959.png 767w, https:\/\/elecos.fr\/wp-content\/uploads\/2026\/08\/F403B6CA-D257-4257-ACED-5EE73EB63A83-599x749.png 599w, https:\/\/elecos.fr\/wp-content\/uploads\/2026\/08\/F403B6CA-D257-4257-ACED-5EE73EB63A83.png 1122w\" sizes=\"(max-width: 819px) 100vw, 819px\" \/><\/figure>\n\n\n\n<h2 class=\"wp-block-heading has-vivid-cyan-blue-color has-text-color has-link-color wp-elements-1\"><strong>Un s\u00e9rum qui ne ressemble pas vraiment \u00e0 un s\u00e9rum<\/strong><\/h2>\n\n\n\n<div class=\"wp-block-group is-layout-constrained wp-block-group-is-layout-constrained\"><div class=\"wp-block-group__inner-container\">\n<p class=\"wp-block-paragraph\">Premi\u00e8re surprise : malgr\u00e9 son nom, oubliez le petit flacon avec pipette et la texture liquide.<\/p>\n\n\n\n<p class=\"wp-block-paragraph\">Le <strong>Deep Water Surge Serum 30<\/strong> se pr\u00e9sente dans un pot de 50 g avec une texture qui se situe quelque part entre le s\u00e9rum g\u00e9lifi\u00e9 et le masque de nuit.<\/p>\n\n\n\n<p class=\"wp-block-paragraph\">Et quelle texture !<\/p>\n\n\n\n<p class=\"wp-block-paragraph\">Fra\u00eeche, brillante, presque translucide et d\u2019un bleu intense, elle donne imm\u00e9diatement envie de l\u2019essayer. Sur la peau, la mati\u00e8re est enveloppante et apporte cette sensation de fra\u00eecheur et de confort que j\u2019appr\u00e9cie particuli\u00e8rement le soir.<\/p>\n\n\n\n<p class=\"wp-block-paragraph\">C\u2019est d\u2019ailleurs ainsi que je trouve le produit le plus int\u00e9ressant : <strong>comme un soin hydratant intensif de nuit, \u00e0 mi-chemin entre le s\u00e9rum et le sleeping mask.<\/strong><\/p>\n<\/div><\/div>\n\n\n\n<div class=\"wp-block-essential-blocks-advanced-image  root-eb-advanced-image-gqsai\"><div class=\"eb-parent-wrapper eb-parent-eb-advanced-image-gqsai \"><figure class=\"eb-advanced-image-wrapper eb-advanced-image-gqsai no-effect\" data-id=\"eb-advanced-image-gqsai\"><div class=\"eb-image-wrapper\"><div class=\"eb-image-wrapper-inner eb-img-style-circle\"><img decoding=\"async\" src=\"https:\/\/elecos.fr\/wp-content\/uploads\/2026\/08\/5D892786-722C-4CCF-84CD-E0E438CB1A86.png\" alt=\"\"\/><\/div><\/div><\/figure><\/div><\/div>\n\n\n\n<h3 class=\"wp-block-heading\">Une formule bien plus compl\u00e8te qu\u2019un simple gel hydratant<\/h3>\n\n\n\n<div class=\"wp-block-group is-layout-constrained wp-block-group-is-layout-constrained\"><div class=\"wp-block-group__inner-container\">\n<div class=\"wp-block-group has-background is-layout-constrained wp-block-group-is-layout-constrained\" style=\"background-color:#f8f8f6\"><div class=\"wp-block-group__inner-container\">\n<p class=\"wp-block-paragraph\">C\u2019est en regardant la liste des ingr\u00e9dients de mon propre pot que le produit m\u2019a vraiment surpris.<\/p>\n\n\n\n<p class=\"wp-block-paragraph\">On retrouve notamment de la <strong>glyc\u00e9rine, de la niacinamide, du panth\u00e9nol, du squalane, de l\u2019ad\u00e9nosine, plusieurs formes d\u2019acide hyaluronique, du PDRN sous la forme Hydrolyzed DNA, des acides amin\u00e9s, des peptides et diff\u00e9rents extraits v\u00e9g\u00e9taux.<\/strong><\/p>\n\n\n\n<p class=\"wp-block-paragraph\">L\u2019objectif principal reste bien s\u00fbr l\u2019<strong>hydratation<\/strong>.<\/p>\n\n\n\n<p class=\"wp-block-paragraph\">L\u2019acide hyaluronique et la glyc\u00e9rine participent \u00e0 retenir l\u2019eau et \u00e0 maintenir une peau plus souple. Le panth\u00e9nol apporte son c\u00f4t\u00e9 apaisant tandis que le squalane contribue au confort de la peau.<\/p>\n\n\n\n<p class=\"wp-block-paragraph\">Mais Arencia ne s\u2019est pas arr\u00eat\u00e9 l\u00e0.<\/p>\n<\/div><\/div>\n<\/div><\/div>\n\n\n\n<h3 class=\"wp-block-heading\">PDRN, peptides, niacinamide\u2026 et r\u00e9glisse<\/h3>\n\n\n\n<p class=\"wp-block-paragraph\">Impossible de parler de ce s\u00e9rum sans \u00e9voquer le fameux <strong>PDRN<\/strong>, devenu l\u2019un des ingr\u00e9dients stars de la cosm\u00e9tique cor\u00e9enne.<\/p>\n\n\n\n<p class=\"wp-block-paragraph\">Dans la liste INCI du produit, on retrouve du <strong>Hydrolyzed DNA<\/strong>, correspondant au PDRN mis en avant par Arencia.<\/p>\n\n\n\n<p class=\"wp-block-paragraph\">C\u2019est int\u00e9ressant, mais je pr\u00e9f\u00e8re apporter une nuance : <strong>un cosm\u00e9tique contenant du PDRN n\u2019est pas l\u2019\u00e9quivalent d\u2019un traitement professionnel utilisant des polynucl\u00e9otides.<\/strong><\/p>\n\n\n\n<p class=\"wp-block-paragraph\">Je ne consid\u00e8re donc pas le PDRN comme un ingr\u00e9dient miracle qui va transformer votre peau \u00e0 lui seul.<\/p>\n\n\n\n<p class=\"wp-block-paragraph\">Et ce n\u2019est finalement pas un probl\u00e8me, car l\u2019int\u00e9r\u00eat du Deep Water Surge Serum 30 vient justement de <strong>l\u2019ensemble de sa formule<\/strong>.<\/p>\n\n\n\n<p class=\"wp-block-paragraph\">On y trouve \u00e9galement plusieurs peptides, dont du <strong>Copper Tripeptide-1<\/strong>, ainsi que de la niacinamide, de l\u2019ad\u00e9nosine et de l\u2019<strong>extrait de r\u00e9glisse<\/strong>.<\/p>\n\n\n\n<p class=\"wp-block-paragraph\">Cette derni\u00e8re est notamment appr\u00e9ci\u00e9e en cosm\u00e9tique pour ses propri\u00e9t\u00e9s apaisantes et antioxydantes. Certains de ses constituants sont \u00e9galement int\u00e9ressants pour am\u00e9liorer l\u2019apparence d\u2019un teint irr\u00e9gulier.<\/p>\n\n\n\n<p class=\"wp-block-paragraph\">Cela ne transforme \u00e9videmment pas ce s\u00e9rum en soin anti-taches, mais sa pr\u00e9sence est un petit plus que j\u2019appr\u00e9cie dans une formule d\u00e9j\u00e0 tr\u00e8s compl\u00e8te.<\/p>\n\n\n\n<figure class=\"wp-block-gallery has-nested-images columns-default is-cropped wp-block-gallery-1 is-layout-flex wp-block-gallery-is-layout-flex\">\n<figure class=\"wp-block-image size-large\"><img decoding=\"async\" width=\"791\" height=\"1024\" data-id=\"2938\" src=\"https:\/\/elecos.fr\/wp-content\/uploads\/2026\/08\/REGLISSE-791x1024.png\" alt=\"\" class=\"wp-image-2938\" srcset=\"https:\/\/elecos.fr\/wp-content\/uploads\/2026\/08\/REGLISSE-791x1024.png 791w, https:\/\/elecos.fr\/wp-content\/uploads\/2026\/08\/REGLISSE-232x300.png 232w, https:\/\/elecos.fr\/wp-content\/uploads\/2026\/08\/REGLISSE-768x994.png 768w, https:\/\/elecos.fr\/wp-content\/uploads\/2026\/08\/REGLISSE-1187x1536.png 1187w, https:\/\/elecos.fr\/wp-content\/uploads\/2026\/08\/REGLISSE-599x776.png 599w, https:\/\/elecos.fr\/wp-content\/uploads\/2026\/08\/REGLISSE.png 1545w\" sizes=\"(max-width: 791px) 100vw, 791px\" \/><\/figure>\n\n\n\n<figure class=\"wp-block-image size-full\"><img decoding=\"async\" width=\"530\" height=\"601\" data-id=\"2952\" src=\"https:\/\/elecos.fr\/wp-content\/uploads\/2026\/08\/IMG_6037.jpeg\" alt=\"Arencia Deep Water Surge Serum 30 au PDRN\" class=\"wp-image-2952\" srcset=\"https:\/\/elecos.fr\/wp-content\/uploads\/2026\/08\/IMG_6037.jpeg 530w, https:\/\/elecos.fr\/wp-content\/uploads\/2026\/08\/IMG_6037-265x300.jpeg 265w\" sizes=\"(max-width: 530px) 100vw, 530px\" \/><figcaption class=\"wp-element-caption\">Screenshot<a href=\"https:\/\/youtu.be\/0-Q2WBFe4p0\" data-type=\"link\" data-id=\"https:\/\/youtu.be\/0-Q2WBFe4p0\">https:\/\/youtu.be\/0-Q2WBFe4p0<\/a><\/figcaption><\/figure>\n<\/figure>\n\n\n\n<h3 class=\"wp-block-heading\">Est-ce vraiment un s\u00e9rum anti-rides ?<\/h3>\n\n\n\n<p class=\"wp-block-paragraph\"><strong>Oui\u2026 et non.<\/strong><\/p>\n\n\n\n<p class=\"wp-block-paragraph\">Si votre objectif principal est de traiter des rides install\u00e9es, je ne remplacerais pas un actif anti-\u00e2ge de r\u00e9f\u00e9rence par ce s\u00e9rum.<\/p>\n\n\n\n<p class=\"wp-block-paragraph\">En revanche, je lui trouve parfaitement sa place <strong>dans une routine anti-\u00e2ge<\/strong>.<\/p>\n\n\n\n<p class=\"wp-block-paragraph\">Une peau correctement hydrat\u00e9e para\u00eet naturellement plus souple et plus rebondie, et certaines petites ridules de d\u00e9shydratation peuvent devenir visuellement moins pr\u00e9sentes.<\/p>\n\n\n\n<p class=\"wp-block-paragraph\">Ajoutez \u00e0 cela la niacinamide, l\u2019ad\u00e9nosine et les peptides, et l\u2019int\u00e9r\u00eat de la formule devient \u00e9vident.<\/p>\n\n\n\n<p class=\"wp-block-paragraph\">Je le consid\u00e8re donc davantage comme <strong>un excellent soin d\u2019accompagnement anti-\u00e2ge<\/strong> que comme un traitement anti-rides \u00e0 lui seul.<\/p>\n\n\n\n<figure class=\"wp-block-image size-large is-resized\"><img loading=\"lazy\" decoding=\"async\" width=\"1024\" height=\"1024\" src=\"https:\/\/elecos.fr\/wp-content\/uploads\/2026\/08\/Photoroom_20260822_172731-1024x1024.jpeg\" alt=\"\" class=\"wp-image-2935\" style=\"width:653px;height:auto\" srcset=\"https:\/\/elecos.fr\/wp-content\/uploads\/2026\/08\/Photoroom_20260822_172731-1024x1024.jpeg 1024w, https:\/\/elecos.fr\/wp-content\/uploads\/2026\/08\/Photoroom_20260822_172731-150x150.jpeg 150w, https:\/\/elecos.fr\/wp-content\/uploads\/2026\/08\/Photoroom_20260822_172731-300x300-1.jpeg 300w, https:\/\/elecos.fr\/wp-content\/uploads\/2026\/08\/Photoroom_20260822_172731-768x768.jpeg 768w, https:\/\/elecos.fr\/wp-content\/uploads\/2026\/08\/Photoroom_20260822_172731-1536x1536.jpeg 1536w, https:\/\/elecos.fr\/wp-content\/uploads\/2026\/08\/Photoroom_20260822_172731-2048x2048.jpeg 2048w, https:\/\/elecos.fr\/wp-content\/uploads\/2026\/08\/Photoroom_20260822_172731-600x600.jpeg 600w, https:\/\/elecos.fr\/wp-content\/uploads\/2026\/08\/Photoroom_20260822_172731-100x100.jpeg 100w\" sizes=\"(max-width: 1024px) 100vw, 1024px\" \/><\/figure>\n\n\n\n<h3 class=\"wp-block-heading\">Comment je pr\u00e9f\u00e8re l\u2019utiliser<\/h3>\n\n\n\n<p class=\"wp-block-paragraph\">Vous pouvez utiliser le Deep Water Surge Serum 30 comme un s\u00e9rum classique, apr\u00e8s le nettoyage et \u00e9ventuellement votre lotion ou votre essence, puis avant votre cr\u00e8me.<\/p>\n\n\n\n<p class=\"wp-block-paragraph\">Mais personnellement, sa texture me donne envie de l\u2019utiliser autrement.<\/p>\n\n\n\n<p class=\"wp-block-paragraph\">Le soir, je trouve particuli\u00e8rement agr\u00e9able d\u2019en appliquer une couche l\u00e9g\u00e8rement plus g\u00e9n\u00e9reuse, presque comme <strong>un masque de nuit hydratant<\/strong>.<\/p>\n\n\n\n<p class=\"wp-block-paragraph\">C\u2019est dans cette utilisation que sa texture prend, selon moi, tout son sens : la peau est envelopp\u00e9e par cette mati\u00e8re fra\u00eeche et g\u00e9lifi\u00e9e sans la sensation parfois lourde d\u2019une cr\u00e8me tr\u00e8s riche.<\/p>\n\n\n\n<p class=\"wp-block-paragraph\">Si votre peau est s\u00e8che, vous pourrez terminer avec une cr\u00e8me. Si elle est normale ou mixte, adaptez simplement la quantit\u00e9 \u00e0 ses besoins.<\/p>\n\n\n\n<p class=\"wp-block-paragraph\">Comme toujours, <strong>observez votre peau plut\u00f4t que de multiplier les couches simplement parce qu\u2019une routine vous dit de le faire.<\/strong><\/p>\n\n\n\n<h3 class=\"wp-block-heading\">Mon avis sur Arencia Deep Water Surge Serum 30<\/h3>\n\n\n\n<p class=\"wp-block-paragraph\">Pour une fois, <strong>le produit est presque aussi int\u00e9ressant que son packaging.<\/strong><\/p>\n\n\n\n<p class=\"wp-block-paragraph\">Et je dis \u00ab presque \u00bb, parce que ce pot bleu et cette texture sont franchement difficiles \u00e0 battre !<\/p>\n\n\n\n<p class=\"wp-block-paragraph\">Plus s\u00e9rieusement, ce que j\u2019aime avec le Deep Water Surge Serum 30, c\u2019est que son int\u00e9r\u00eat ne repose finalement pas uniquement sur le PDRN.<\/p>\n\n\n\n<p class=\"has-text-color has-link-color has-medium-font-size wp-elements-2 wp-block-paragraph\" style=\"color:#49aee9\"><em><strong>\u00a0\u00bb <\/strong>C\u2019est <strong>l\u2019ensemble de la formule<\/strong> qui me pla\u00eet.  Acide hyaluronique, glyc\u00e9rine, niacinamide, panth\u00e9nol, squalane, r\u00e9glisse, ad\u00e9nosine, PDRN et peptides : Arencia propose ici un soin hydratant beaucoup plus complet qu\u2019il n\u2019y para\u00eet.Est-ce qu\u2019il va faire dispara\u00eetre vos rides pendant la nuit ? <strong>Non.<\/strong>Mais si vous recherchez un soin agr\u00e9able, tr\u00e8s hydratant, sensoriel et suffisamment bien formul\u00e9 pour compl\u00e9ter une routine anti-\u00e2ge, <strong>alors oui, le Deep Water Surge Serum 30 m\u00e9rite que l\u2019on s\u2019y int\u00e9resse.<\/strong><\/em> \u00ab\u00a0<\/p>\n\n\n\n<p class=\"wp-block-paragraph\">Et je dois reconna\u00eetre une chose : ouvrir ce petit pot et retrouver cette incroyable mati\u00e8re bleue rend le rituel particuli\u00e8rement agr\u00e9able.<\/p>\n\n\n\n<p class=\"wp-block-paragraph\">Car en skincare, l\u2019efficacit\u00e9 compte \u00e9videmment.<\/p>\n\n\n\n<p class=\"wp-block-paragraph\"><strong>Mais le plaisir d\u2019avoir envie d\u2019utiliser r\u00e9guli\u00e8rement un produit compte aussi \u00e9norm\u00e9ment.<\/strong><\/p>\n\n\n\n<p class=\"wp-block-paragraph\">Je serai tr\u00e8s heureux de r\u00e9pondre \u00e0 tous vos commentaires.<br><br>Arm\u0101n Varela<br>Consultant Beaut\u00e9<\/p>\n\n\n\n<figure class=\"wp-block-image is-resized\"><img loading=\"lazy\" decoding=\"async\" width=\"1019\" height=\"1277\" src=\"https:\/\/elecos.fr\/wp-content\/uploads\/2025\/05\/IMG_2970.jpeg\" alt=\"\" class=\"wp-image-2742\" style=\"width:452px;height:auto\" srcset=\"https:\/\/elecos.fr\/wp-content\/uploads\/2025\/05\/IMG_2970.jpeg 1019w, https:\/\/elecos.fr\/wp-content\/uploads\/2025\/05\/IMG_2970-239x300.jpeg 239w, https:\/\/elecos.fr\/wp-content\/uploads\/2025\/05\/IMG_2970-817x1024.jpeg 817w, https:\/\/elecos.fr\/wp-content\/uploads\/2025\/05\/IMG_2970-768x962.jpeg 768w, https:\/\/elecos.fr\/wp-content\/uploads\/2025\/05\/IMG_2970-600x752.jpeg 600w\" sizes=\"(max-width: 1019px) 100vw, 1019px\" \/><figcaption class=\"wp-element-caption\">El\u00e9gante Cosm\u00e9tique <\/figcaption><\/figure>\n","protected":false},"excerpt":{"rendered":"<p>Il y a des produits que l\u2019on choisit pour leur formule. D\u2019autres pour leur texture, leur univers ou simplement parce qu\u2019ils nous intriguent. Et puis il y a ceux qui r\u00e9unissent un peu tout cela. C\u2019est exactement ce qui m\u2019est arriv\u00e9 avec le Deep Water Surge Serum 30 d\u2019Arencia. Impossible de ne pas remarquer son [&hellip;]<\/p>\n","protected":false},"author":2,"featured_media":2933,"comment_status":"open","ping_status":"closed","sticky":false,"template":"","format":"standard","meta":{"_eb_attr":"","site-sidebar-layout":"default","site-content-layout":"","ast-site-content-layout":"default","site-content-style":"default","site-sidebar-style":"default","ast-global-header-display":"","ast-banner-title-visibility":"","ast-main-header-display":"","ast-hfb-above-header-display":"","ast-hfb-below-header-display":"","ast-hfb-mobile-header-display":"","site-post-title":"","ast-breadcrumbs-content":"","ast-featured-img":"","footer-sml-layout":"","ast-disable-related-posts":"","theme-transparent-header-meta":"","adv-header-id-meta":"","stick-header-meta":"","header-above-stick-meta":"","header-main-stick-meta":"","header-below-stick-meta":"","astra-migrate-meta-layouts":"set","ast-page-background-enabled":"default","ast-page-background-meta":{"desktop":{"background-color":"","background-image":"","background-repeat":"repeat","background-position":"center center","background-size":"auto","background-attachment":"scroll","background-type":"","background-media":"","overlay-type":"","overlay-color":"","overlay-opacity":"","overlay-gradient":""},"tablet":{"background-color":"","background-image":"","background-repeat":"repeat","background-position":"center center","background-size":"auto","background-attachment":"scroll","background-type":"","background-media":"","overlay-type":"","overlay-color":"","overlay-opacity":"","overlay-gradient":""},"mobile":{"background-color":"","background-image":"","background-repeat":"repeat","background-position":"center center","background-size":"auto","background-attachment":"scroll","background-type":"","background-media":"","overlay-type":"","overlay-color":"","overlay-opacity":"","overlay-gradient":""}},"ast-content-background-meta":{"desktop":{"background-color":"var(--ast-global-color-5)","background-image":"","background-repeat":"repeat","background-position":"center center","background-size":"auto","background-attachment":"scroll","background-type":"","background-media":"","overlay-type":"","overlay-color":"","overlay-opacity":"","overlay-gradient":""},"tablet":{"background-color":"var(--ast-global-color-5)","background-image":"","background-repeat":"repeat","background-position":"center center","background-size":"auto","background-attachment":"scroll","background-type":"","background-media":"","overlay-type":"","overlay-color":"","overlay-opacity":"","overlay-gradient":""},"mobile":{"background-color":"var(--ast-global-color-5)","background-image":"","background-repeat":"repeat","background-position":"center center","background-size":"auto","background-attachment":"scroll","background-type":"","background-media":"","overlay-type":"","overlay-color":"","overlay-opacity":"","overlay-gradient":""}},"footnotes":""},"categories":[8],"tags":[],"class_list":["post-2931","post","type-post","status-publish","format-standard","has-post-thumbnail","hentry","category-beaute"],"yoast_head":"<!-- This site is optimized with the Yoast SEO plugin v28.3 - https:\/\/yoast.com\/product\/yoast-seo-wordpress\/ -->\n<title>Arencia Deep Water Surge Serum 30 : mon avis<\/title>\n<meta name=\"description\" content=\"Mon avis sur Arencia Deep Water Surge Serum 30 : PDRN, acide hyaluronique, actifs, texture et efficacit\u00e9 de ce surprenant s\u00e9rum bleu.\" \/>\n<meta name=\"robots\" content=\"index, follow, max-snippet:-1, max-image-preview:large, max-video-preview:-1\" \/>\n<link rel=\"canonical\" href=\"https:\/\/elecos.fr\/index.php\/2026\/08\/25\/arencia-deep-water-surge-serum-30-avis\/\" \/>\n<meta property=\"og:locale\" content=\"fr_FR\" \/>\n<meta property=\"og:type\" content=\"article\" \/>\n<meta property=\"og:title\" content=\"Arencia Deep Water Surge Serum 30 : mon avis\" \/>\n<meta property=\"og:description\" content=\"Mon avis sur Arencia Deep Water Surge Serum 30 : PDRN, acide hyaluronique, actifs, texture et efficacit\u00e9 de ce surprenant s\u00e9rum bleu.\" \/>\n<meta property=\"og:url\" content=\"https:\/\/elecos.fr\/index.php\/2026\/08\/25\/arencia-deep-water-surge-serum-30-avis\/\" \/>\n<meta property=\"og:site_name\" content=\"Consultant Elegante Cosm\u00e9tique\" \/>\n<meta property=\"article:published_time\" content=\"2026-08-25T21:04:00+00:00\" \/>\n<meta property=\"article:modified_time\" content=\"2026-08-25T21:04:03+00:00\" \/>\n<meta property=\"og:image\" content=\"https:\/\/elecos.fr\/wp-content\/uploads\/2026\/08\/546B6121-AC3A-47D5-A1CF-35FA934C7D21.png\" \/>\n\t<meta property=\"og:image:width\" content=\"1254\" \/>\n\t<meta property=\"og:image:height\" content=\"1254\" \/>\n\t<meta property=\"og:image:type\" content=\"image\/png\" \/>\n<meta name=\"author\" content=\"Arman Varela\" \/>\n<meta name=\"twitter:card\" content=\"summary_large_image\" \/>\n<meta name=\"twitter:label1\" content=\"\u00c9crit par\" \/>\n\t<meta name=\"twitter:data1\" content=\"Arman Varela\" \/>\n\t<meta name=\"twitter:label2\" content=\"Dur\u00e9e de lecture estim\u00e9e\" \/>\n\t<meta name=\"twitter:data2\" content=\"7 minutes\" \/>\n<script type=\"application\/ld+json\" class=\"yoast-schema-graph\">{\"@context\":\"https:\\\/\\\/schema.org\",\"@graph\":[{\"@type\":\"Article\",\"@id\":\"https:\\\/\\\/elecos.fr\\\/index.php\\\/2026\\\/08\\\/25\\\/arencia-deep-water-surge-serum-30-avis\\\/#article\",\"isPartOf\":{\"@id\":\"https:\\\/\\\/elecos.fr\\\/index.php\\\/2026\\\/08\\\/25\\\/arencia-deep-water-surge-serum-30-avis\\\/\"},\"author\":{\"name\":\"Arman Varela\",\"@id\":\"https:\\\/\\\/elecos.fr\\\/#\\\/schema\\\/person\\\/d890716890b3f304e58e9873b66d5d53\"},\"headline\":\"Arencia Deep Water Surge Serum 30 : mon avis sur ce s\u00e9rum bleu au PDRN\",\"datePublished\":\"2026-08-25T21:04:00+00:00\",\"dateModified\":\"2026-08-25T21:04:03+00:00\",\"mainEntityOfPage\":{\"@id\":\"https:\\\/\\\/elecos.fr\\\/index.php\\\/2026\\\/08\\\/25\\\/arencia-deep-water-surge-serum-30-avis\\\/\"},\"wordCount\":1164,\"commentCount\":0,\"publisher\":{\"@id\":\"https:\\\/\\\/elecos.fr\\\/#organization\"},\"image\":{\"@id\":\"https:\\\/\\\/elecos.fr\\\/index.php\\\/2026\\\/08\\\/25\\\/arencia-deep-water-surge-serum-30-avis\\\/#primaryimage\"},\"thumbnailUrl\":\"https:\\\/\\\/elecos.fr\\\/wp-content\\\/uploads\\\/2026\\\/08\\\/546B6121-AC3A-47D5-A1CF-35FA934C7D21.png\",\"articleSection\":[\"Beaut\u00e9\"],\"inLanguage\":\"fr-FR\",\"potentialAction\":[{\"@type\":\"CommentAction\",\"name\":\"Comment\",\"target\":[\"https:\\\/\\\/elecos.fr\\\/index.php\\\/2026\\\/08\\\/25\\\/arencia-deep-water-surge-serum-30-avis\\\/#respond\"]}]},{\"@type\":\"WebPage\",\"@id\":\"https:\\\/\\\/elecos.fr\\\/index.php\\\/2026\\\/08\\\/25\\\/arencia-deep-water-surge-serum-30-avis\\\/\",\"url\":\"https:\\\/\\\/elecos.fr\\\/index.php\\\/2026\\\/08\\\/25\\\/arencia-deep-water-surge-serum-30-avis\\\/\",\"name\":\"Arencia Deep Water Surge Serum 30 : mon avis\",\"isPartOf\":{\"@id\":\"https:\\\/\\\/elecos.fr\\\/#website\"},\"primaryImageOfPage\":{\"@id\":\"https:\\\/\\\/elecos.fr\\\/index.php\\\/2026\\\/08\\\/25\\\/arencia-deep-water-surge-serum-30-avis\\\/#primaryimage\"},\"image\":{\"@id\":\"https:\\\/\\\/elecos.fr\\\/index.php\\\/2026\\\/08\\\/25\\\/arencia-deep-water-surge-serum-30-avis\\\/#primaryimage\"},\"thumbnailUrl\":\"https:\\\/\\\/elecos.fr\\\/wp-content\\\/uploads\\\/2026\\\/08\\\/546B6121-AC3A-47D5-A1CF-35FA934C7D21.png\",\"datePublished\":\"2026-08-25T21:04:00+00:00\",\"dateModified\":\"2026-08-25T21:04:03+00:00\",\"description\":\"Mon avis sur Arencia Deep Water Surge Serum 30 : PDRN, acide hyaluronique, actifs, texture et efficacit\u00e9 de ce surprenant s\u00e9rum bleu.\",\"breadcrumb\":{\"@id\":\"https:\\\/\\\/elecos.fr\\\/index.php\\\/2026\\\/08\\\/25\\\/arencia-deep-water-surge-serum-30-avis\\\/#breadcrumb\"},\"inLanguage\":\"fr-FR\",\"potentialAction\":[{\"@type\":\"ReadAction\",\"target\":[\"https:\\\/\\\/elecos.fr\\\/index.php\\\/2026\\\/08\\\/25\\\/arencia-deep-water-surge-serum-30-avis\\\/\"]}]},{\"@type\":\"ImageObject\",\"inLanguage\":\"fr-FR\",\"@id\":\"https:\\\/\\\/elecos.fr\\\/index.php\\\/2026\\\/08\\\/25\\\/arencia-deep-water-surge-serum-30-avis\\\/#primaryimage\",\"url\":\"https:\\\/\\\/elecos.fr\\\/wp-content\\\/uploads\\\/2026\\\/08\\\/546B6121-AC3A-47D5-A1CF-35FA934C7D21.png\",\"contentUrl\":\"https:\\\/\\\/elecos.fr\\\/wp-content\\\/uploads\\\/2026\\\/08\\\/546B6121-AC3A-47D5-A1CF-35FA934C7D21.png\",\"width\":1254,\"height\":1254,\"caption\":\"Arencia Deep Water Surge Serum 30 et sa texture gel bleue\"},{\"@type\":\"BreadcrumbList\",\"@id\":\"https:\\\/\\\/elecos.fr\\\/index.php\\\/2026\\\/08\\\/25\\\/arencia-deep-water-surge-serum-30-avis\\\/#breadcrumb\",\"itemListElement\":[{\"@type\":\"ListItem\",\"position\":1,\"name\":\"Accueil\",\"item\":\"https:\\\/\\\/elecos.fr\\\/\"},{\"@type\":\"ListItem\",\"position\":2,\"name\":\"Arencia Deep Water Surge Serum 30 : mon avis sur ce s\u00e9rum bleu au PDRN\"}]},{\"@type\":\"WebSite\",\"@id\":\"https:\\\/\\\/elecos.fr\\\/#website\",\"url\":\"https:\\\/\\\/elecos.fr\\\/\",\"name\":\"Consultant Elegante Cosm\u00e9tique\",\"description\":\"Fashion as unique as you are\",\"publisher\":{\"@id\":\"https:\\\/\\\/elecos.fr\\\/#organization\"},\"potentialAction\":[{\"@type\":\"SearchAction\",\"target\":{\"@type\":\"EntryPoint\",\"urlTemplate\":\"https:\\\/\\\/elecos.fr\\\/?s={search_term_string}\"},\"query-input\":{\"@type\":\"PropertyValueSpecification\",\"valueRequired\":true,\"valueName\":\"search_term_string\"}}],\"inLanguage\":\"fr-FR\"},{\"@type\":\"Organization\",\"@id\":\"https:\\\/\\\/elecos.fr\\\/#organization\",\"name\":\"Consultant Elegante Cosm\u00e9tique\",\"url\":\"https:\\\/\\\/elecos.fr\\\/\",\"logo\":{\"@type\":\"ImageObject\",\"inLanguage\":\"fr-FR\",\"@id\":\"https:\\\/\\\/elecos.fr\\\/#\\\/schema\\\/logo\\\/image\\\/\",\"url\":\"https:\\\/\\\/elecos.fr\\\/wp-content\\\/uploads\\\/2023\\\/12\\\/cropped-logo_skn_petit-1.jpg\",\"contentUrl\":\"https:\\\/\\\/elecos.fr\\\/wp-content\\\/uploads\\\/2023\\\/12\\\/cropped-logo_skn_petit-1.jpg\",\"width\":150,\"height\":140,\"caption\":\"Consultant Elegante Cosm\u00e9tique\"},\"image\":{\"@id\":\"https:\\\/\\\/elecos.fr\\\/#\\\/schema\\\/logo\\\/image\\\/\"}},{\"@type\":\"Person\",\"@id\":\"https:\\\/\\\/elecos.fr\\\/#\\\/schema\\\/person\\\/d890716890b3f304e58e9873b66d5d53\",\"name\":\"Arman Varela\",\"image\":{\"@type\":\"ImageObject\",\"inLanguage\":\"fr-FR\",\"@id\":\"https:\\\/\\\/secure.gravatar.com\\\/avatar\\\/a6f09977a7bce88776122c8033703b82c1ca97d43e8392c9d5bc73400caf390e?s=96&d=mm&r=g\",\"url\":\"https:\\\/\\\/secure.gravatar.com\\\/avatar\\\/a6f09977a7bce88776122c8033703b82c1ca97d43e8392c9d5bc73400caf390e?s=96&d=mm&r=g\",\"contentUrl\":\"https:\\\/\\\/secure.gravatar.com\\\/avatar\\\/a6f09977a7bce88776122c8033703b82c1ca97d43e8392c9d5bc73400caf390e?s=96&d=mm&r=g\",\"caption\":\"Arman Varela\"},\"url\":\"https:\\\/\\\/elecos.fr\\\/index.php\\\/author\\\/anthonyskn\\\/\"}]}<\/script>\n<!-- \/ Yoast SEO plugin. -->","yoast_head_json":{"title":"Arencia Deep Water Surge Serum 30 : mon avis","description":"Mon avis sur Arencia Deep Water Surge Serum 30 : PDRN, acide hyaluronique, actifs, texture et efficacit\u00e9 de ce surprenant s\u00e9rum bleu.","robots":{"index":"index","follow":"follow","max-snippet":"max-snippet:-1","max-image-preview":"max-image-preview:large","max-video-preview":"max-video-preview:-1"},"canonical":"https:\/\/elecos.fr\/index.php\/2026\/08\/25\/arencia-deep-water-surge-serum-30-avis\/","og_locale":"fr_FR","og_type":"article","og_title":"Arencia Deep Water Surge Serum 30 : mon avis","og_description":"Mon avis sur Arencia Deep Water Surge Serum 30 : PDRN, acide hyaluronique, actifs, texture et efficacit\u00e9 de ce surprenant s\u00e9rum bleu.","og_url":"https:\/\/elecos.fr\/index.php\/2026\/08\/25\/arencia-deep-water-surge-serum-30-avis\/","og_site_name":"Consultant Elegante Cosm\u00e9tique","article_published_time":"2026-08-25T21:04:00+00:00","article_modified_time":"2026-08-25T21:04:03+00:00","og_image":[{"width":1254,"height":1254,"url":"https:\/\/elecos.fr\/wp-content\/uploads\/2026\/08\/546B6121-AC3A-47D5-A1CF-35FA934C7D21.png","type":"image\/png"}],"author":"Arman Varela","twitter_card":"summary_large_image","twitter_misc":{"\u00c9crit par":"Arman Varela","Dur\u00e9e de lecture estim\u00e9e":"7 minutes"},"schema":{"@context":"https:\/\/schema.org","@graph":[{"@type":"Article","@id":"https:\/\/elecos.fr\/index.php\/2026\/08\/25\/arencia-deep-water-surge-serum-30-avis\/#article","isPartOf":{"@id":"https:\/\/elecos.fr\/index.php\/2026\/08\/25\/arencia-deep-water-surge-serum-30-avis\/"},"author":{"name":"Arman Varela","@id":"https:\/\/elecos.fr\/#\/schema\/person\/d890716890b3f304e58e9873b66d5d53"},"headline":"Arencia Deep Water Surge Serum 30 : mon avis sur ce s\u00e9rum bleu au PDRN","datePublished":"2026-08-25T21:04:00+00:00","dateModified":"2026-08-25T21:04:03+00:00","mainEntityOfPage":{"@id":"https:\/\/elecos.fr\/index.php\/2026\/08\/25\/arencia-deep-water-surge-serum-30-avis\/"},"wordCount":1164,"commentCount":0,"publisher":{"@id":"https:\/\/elecos.fr\/#organization"},"image":{"@id":"https:\/\/elecos.fr\/index.php\/2026\/08\/25\/arencia-deep-water-surge-serum-30-avis\/#primaryimage"},"thumbnailUrl":"https:\/\/elecos.fr\/wp-content\/uploads\/2026\/08\/546B6121-AC3A-47D5-A1CF-35FA934C7D21.png","articleSection":["Beaut\u00e9"],"inLanguage":"fr-FR","potentialAction":[{"@type":"CommentAction","name":"Comment","target":["https:\/\/elecos.fr\/index.php\/2026\/08\/25\/arencia-deep-water-surge-serum-30-avis\/#respond"]}]},{"@type":"WebPage","@id":"https:\/\/elecos.fr\/index.php\/2026\/08\/25\/arencia-deep-water-surge-serum-30-avis\/","url":"https:\/\/elecos.fr\/index.php\/2026\/08\/25\/arencia-deep-water-surge-serum-30-avis\/","name":"Arencia Deep Water Surge Serum 30 : mon avis","isPartOf":{"@id":"https:\/\/elecos.fr\/#website"},"primaryImageOfPage":{"@id":"https:\/\/elecos.fr\/index.php\/2026\/08\/25\/arencia-deep-water-surge-serum-30-avis\/#primaryimage"},"image":{"@id":"https:\/\/elecos.fr\/index.php\/2026\/08\/25\/arencia-deep-water-surge-serum-30-avis\/#primaryimage"},"thumbnailUrl":"https:\/\/elecos.fr\/wp-content\/uploads\/2026\/08\/546B6121-AC3A-47D5-A1CF-35FA934C7D21.png","datePublished":"2026-08-25T21:04:00+00:00","dateModified":"2026-08-25T21:04:03+00:00","description":"Mon avis sur Arencia Deep Water Surge Serum 30 : PDRN, acide hyaluronique, actifs, texture et efficacit\u00e9 de ce surprenant s\u00e9rum bleu.","breadcrumb":{"@id":"https:\/\/elecos.fr\/index.php\/2026\/08\/25\/arencia-deep-water-surge-serum-30-avis\/#breadcrumb"},"inLanguage":"fr-FR","potentialAction":[{"@type":"ReadAction","target":["https:\/\/elecos.fr\/index.php\/2026\/08\/25\/arencia-deep-water-surge-serum-30-avis\/"]}]},{"@type":"ImageObject","inLanguage":"fr-FR","@id":"https:\/\/elecos.fr\/index.php\/2026\/08\/25\/arencia-deep-water-surge-serum-30-avis\/#primaryimage","url":"https:\/\/elecos.fr\/wp-content\/uploads\/2026\/08\/546B6121-AC3A-47D5-A1CF-35FA934C7D21.png","contentUrl":"https:\/\/elecos.fr\/wp-content\/uploads\/2026\/08\/546B6121-AC3A-47D5-A1CF-35FA934C7D21.png","width":1254,"height":1254,"caption":"Arencia Deep Water Surge Serum 30 et sa texture gel bleue"},{"@type":"BreadcrumbList","@id":"https:\/\/elecos.fr\/index.php\/2026\/08\/25\/arencia-deep-water-surge-serum-30-avis\/#breadcrumb","itemListElement":[{"@type":"ListItem","position":1,"name":"Accueil","item":"https:\/\/elecos.fr\/"},{"@type":"ListItem","position":2,"name":"Arencia Deep Water Surge Serum 30 : mon avis sur ce s\u00e9rum bleu au PDRN"}]},{"@type":"WebSite","@id":"https:\/\/elecos.fr\/#website","url":"https:\/\/elecos.fr\/","name":"Consultant Elegante Cosm\u00e9tique","description":"Fashion as unique as you are","publisher":{"@id":"https:\/\/elecos.fr\/#organization"},"potentialAction":[{"@type":"SearchAction","target":{"@type":"EntryPoint","urlTemplate":"https:\/\/elecos.fr\/?s={search_term_string}"},"query-input":{"@type":"PropertyValueSpecification","valueRequired":true,"valueName":"search_term_string"}}],"inLanguage":"fr-FR"},{"@type":"Organization","@id":"https:\/\/elecos.fr\/#organization","name":"Consultant Elegante Cosm\u00e9tique","url":"https:\/\/elecos.fr\/","logo":{"@type":"ImageObject","inLanguage":"fr-FR","@id":"https:\/\/elecos.fr\/#\/schema\/logo\/image\/","url":"https:\/\/elecos.fr\/wp-content\/uploads\/2023\/12\/cropped-logo_skn_petit-1.jpg","contentUrl":"https:\/\/elecos.fr\/wp-content\/uploads\/2023\/12\/cropped-logo_skn_petit-1.jpg","width":150,"height":140,"caption":"Consultant Elegante Cosm\u00e9tique"},"image":{"@id":"https:\/\/elecos.fr\/#\/schema\/logo\/image\/"}},{"@type":"Person","@id":"https:\/\/elecos.fr\/#\/schema\/person\/d890716890b3f304e58e9873b66d5d53","name":"Arman Varela","image":{"@type":"ImageObject","inLanguage":"fr-FR","@id":"https:\/\/secure.gravatar.com\/avatar\/a6f09977a7bce88776122c8033703b82c1ca97d43e8392c9d5bc73400caf390e?s=96&d=mm&r=g","url":"https:\/\/secure.gravatar.com\/avatar\/a6f09977a7bce88776122c8033703b82c1ca97d43e8392c9d5bc73400caf390e?s=96&d=mm&r=g","contentUrl":"https:\/\/secure.gravatar.com\/avatar\/a6f09977a7bce88776122c8033703b82c1ca97d43e8392c9d5bc73400caf390e?s=96&d=mm&r=g","caption":"Arman Varela"},"url":"https:\/\/elecos.fr\/index.php\/author\/anthonyskn\/"}]}},"_links":{"self":[{"href":"https:\/\/elecos.fr\/index.php\/wp-json\/wp\/v2\/posts\/2931","targetHints":{"allow":["GET"]}}],"collection":[{"href":"https:\/\/elecos.fr\/index.php\/wp-json\/wp\/v2\/posts"}],"about":[{"href":"https:\/\/elecos.fr\/index.php\/wp-json\/wp\/v2\/types\/post"}],"author":[{"embeddable":true,"href":"https:\/\/elecos.fr\/index.php\/wp-json\/wp\/v2\/users\/2"}],"replies":[{"embeddable":true,"href":"https:\/\/elecos.fr\/index.php\/wp-json\/wp\/v2\/comments?post=2931"}],"version-history":[{"count":15,"href":"https:\/\/elecos.fr\/index.php\/wp-json\/wp\/v2\/posts\/2931\/revisions"}],"predecessor-version":[{"id":2955,"href":"https:\/\/elecos.fr\/index.php\/wp-json\/wp\/v2\/posts\/2931\/revisions\/2955"}],"wp:featuredmedia":[{"embeddable":true,"href":"https:\/\/elecos.fr\/index.php\/wp-json\/wp\/v2\/media\/2933"}],"wp:attachment":[{"href":"https:\/\/elecos.fr\/index.php\/wp-json\/wp\/v2\/media?parent=2931"}],"wp:term":[{"taxonomy":"category","embeddable":true,"href":"https:\/\/elecos.fr\/index.php\/wp-json\/wp\/v2\/categories?post=2931"},{"taxonomy":"post_tag","embeddable":true,"href":"https:\/\/elecos.fr\/index.php\/wp-json\/wp\/v2\/tags?post=2931"}],"curies":[{"name":"wp","href":"https:\/\/api.w.org\/{rel}","templated":true}]}}